[{"@context":"https:\/\/schema.org\/","@type":"Article","@id":"https:\/\/www.therap.cz\/facebook-ano-nebo-ne\/#Article","mainEntityOfPage":"https:\/\/www.therap.cz\/facebook-ano-nebo-ne\/","headline":"Facebook ano nebo ne?","name":"Facebook ano nebo ne?","description":"Kdysi byl nebo alespo\u0148 m\u011bl b\u00fdt Facebook soci\u00e1ln\u00ed s\u00edt\u00ed, tedy mo\u017enost\u00ed spojen\u00ed se bl\u00edzk\u00fdch lid\u00ed. Mohli se tu tedy setk\u00e1vat p\u0159\u00e1tel\u00e9, je\u017e od sebe odd\u011blovaly klidn\u011b i tis\u00edce kilometr\u016f, mohli si tu sd\u011blovat, co jim na jazyk p\u0159i\u0161lo, pos\u00edlat si fotografie. Dali se tu ale nal\u00e9zat i p\u0159\u00e1tel\u00e9 d\u00e1vno ztracen\u00ed nebo naopak \u00fapln\u011b nov\u00ed, co\u017e [&hellip;]","datePublished":"2019-03-16","dateModified":"2023-06-02","author":{"@type":"Person","@id":"https:\/\/www.therap.cz\/author\/#Person","name":"","url":"https:\/\/www.therap.cz\/author\/","identifier":1,"image":{"@type":"ImageObject","@id":"https:\/\/secure.gravatar.com\/avatar\/64d58fab86512053c8bb518a6563e7284bb4a3422dc9af0106c3f39575364c7b?s=96&d=mm&r=g","url":"https:\/\/secure.gravatar.com\/avatar\/64d58fab86512053c8bb518a6563e7284bb4a3422dc9af0106c3f39575364c7b?s=96&d=mm&r=g","height":96,"width":96}},"publisher":{"@type":"Organization","name":"therap.cz","logo":{"@type":"ImageObject","@id":"\/logo.png","url":"\/logo.png","width":600,"height":60}},"image":{"@type":"ImageObject","@id":"https:\/\/www.therap.cz\/wp-content\/uploads\/img_a339445_w2109_t1552729234.png","url":"https:\/\/www.therap.cz\/wp-content\/uploads\/img_a339445_w2109_t1552729234.png","height":0,"width":0},"url":"https:\/\/www.therap.cz\/facebook-ano-nebo-ne\/","wordCount":550,"articleBody":"Kdysi byl nebo alespo\u0148 m\u011bl b\u00fdt Facebook soci\u00e1ln\u00ed s\u00edt\u00ed, tedy mo\u017enost\u00ed spojen\u00ed se bl\u00edzk\u00fdch lid\u00ed. Mohli se tu tedy setk\u00e1vat p\u0159\u00e1tel\u00e9, je\u017e od sebe odd\u011blovaly klidn\u011b i tis\u00edce kilometr\u016f, mohli si tu sd\u011blovat, co jim na jazyk p\u0159i\u0161lo, pos\u00edlat si fotografie. Dali se tu ale nal\u00e9zat i p\u0159\u00e1tel\u00e9 d\u00e1vno ztracen\u00ed nebo naopak \u00fapln\u011b nov\u00ed, co\u017e se nakonec v nejednom p\u0159\u00edpad\u011b zvrtlo v \u00fapln\u00fd nesmysln\u00fd hon na r\u00e1doby p\u0159\u00e1tele, s nimi\u017e by si \u010dlov\u011bk \u010dasto p\u0159i osobn\u00edm kontaktu v\u016fbec nic neza\u010dal a obe\u0161el je velk\u00fdm obloukem, kvantita tu p\u0159ed\u010dila kvalitu. A nejen \u017ee to nejednou takto \u201epokazili\u201c sami u\u017eivatel\u00e9, ale nakonec se p\u0159idal i Facebook s\u00e1m. I on se obklopil \u201ep\u0159\u00e1teli\u201c typu Instagram, WhatsApp, Oculus a \u0159adou dal\u0161\u00edch dce\u0159inn\u00fdch firem a za\u010dal l\u00e9zt lidem do soukrom\u00ed. A to nejednou v\u00edce ne\u017e citeln\u011b. Dnes Facebook aktivn\u011b vyu\u017e\u00edv\u00e1 n\u00e1stroje k vyhled\u00e1v\u00e1n\u00ed a z\u00edsk\u00e1v\u00e1n\u00ed \u00fadaj\u016f o u\u017eivatel\u00edch internetu, a to leckde. A zaj\u00edmaj\u00ed ho i ti, kdo s n\u00edm nemaj\u00ed v\u016fbec nic spole\u010dn\u00e9ho, ti, kdo ho aktivn\u011b nevyu\u017e\u00edvaj\u00ed. A kdy\u017e se to \u010dlov\u011bku nezamlouv\u00e1? Kdy\u017e nechce b\u00fdt v neust\u00e1l\u00e9m hled\u00e1\u010dku \u201evelk\u00e9ho bratra\u201c? Kdy\u017e nechce b\u00fdt jedn\u00edm z on\u011bch 1,4 miliardy aktivn\u00edch u\u017eivatel\u016f, kte\u0159\u00ed denn\u011b na Facebook zav\u00edtaj\u00ed, aby tam zanechali svou stopu? Pak mu nezb\u00fdv\u00e1, ne\u017e se nechat nevratn\u011b odstranit, vymazat. Jen\u017ee opustit Facebook, to je pomalu stejn\u011b obt\u00ed\u017en\u00e9 jako kdysi opustit sov\u011btsk\u00fd blok sm\u011brem na z\u00e1pad. A podobn\u00e9 je to i v tom, \u017ee existuje mnoho d\u016fvod\u016f, . Kdy\u017e se \u010dlov\u011bk rozhodne definitivn\u011b zmizet a u\u017e se nevr\u00e1tit, m\u016f\u017ee tuto volbu jednodu\u0161e odkliknout v nab\u00eddce. Jen\u017ee mu nebude vyhov\u011bno. Ba naopak mu budou kladeny obstrukce hodn\u00e9 soudruh\u016f z minul\u00e9ho re\u017eimu. On\u00edm kliknut\u00edm toti\u017e pouze za\u010d\u00edn\u00e1 b\u011b\u017eet dvout\u00fddenn\u00ed lh\u016fta, je\u017e smaz\u00e1n\u00ed p\u0159edch\u00e1z\u00ed. To aby si to \u010dlov\u011bk p\u0159\u00edpadn\u011b mohl rozmyslet, kdyby cht\u011bl, aby nedo\u0161lo k odstran\u011bn\u00ed t\u0159eba nedopat\u0159en\u00edm nebo z ciz\u00ed zl\u00e9 v\u016fle. Ov\u0161em pak se \u010dlov\u011bk u\u017e nesm\u00ed p\u0159ihl\u00e1sit. Na Facebook ani na jin\u00fd web, program \u010di aplikaci, se kterou m\u00e1 Facebook n\u011bjak\u00fdm zp\u016fsobem co do \u010din\u011bn\u00ed. Proto\u017ee v takov\u00e9 chv\u00edli za\u010dne b\u011b\u017eet ona dvout\u00fddenn\u00ed lh\u016fta zase od za\u010d\u00e1tku. \u010clov\u011bk tak mus\u00ed z\u016fstat ony dva t\u00fddny zcela z dosahu Facebooku a v\u0161ech jeho \u201ep\u0159\u00e1tel\u201c. A ani pak je\u0161t\u011b nem\u00e1 vyhr\u00e1no, proto\u017ee v\u0161echna jeho data z\u016fst\u00e1vaj\u00ed je\u0161t\u011b \u010dtvrt roku na s\u00edti. A to sd\u00edlen\u00e9 s n\u011bk\u00fdm jin\u00fdm nezmiz\u00ed nikdy. Jako za soudruh\u016f. Kdy bylo skoro nemo\u017en\u00e9 ut\u00e9ct na z\u00e1pad, a i kdy\u017e se to n\u011bkomu poda\u0159ilo, stejn\u011b si mohl b\u00fdt jist, \u017ee se na n\u011bj nezapomn\u011blo. V dobr\u00e9m i tom nedobr\u00e9m.                                                                                                                                                                                                                                                                                                                                                                                        3.8\/5 - (9 votes)        "},{"@context":"https:\/\/schema.org\/","@type":"BreadcrumbList","itemListElement":[{"@type":"ListItem","position":1,"name":"Facebook ano nebo ne?","item":"https:\/\/www.therap.cz\/facebook-ano-nebo-ne\/#breadcrumbitem"}]}]