[{"@context":"https:\/\/schema.org\/","@type":"Article","@id":"https:\/\/www.therap.cz\/uzivejte-si-klid-na-svoji-zahrade\/#Article","mainEntityOfPage":"https:\/\/www.therap.cz\/uzivejte-si-klid-na-svoji-zahrade\/","headline":"U\u017e\u00edvejte si klid na svoj\u00ed zahrad\u011b","name":"U\u017e\u00edvejte si klid na svoj\u00ed zahrad\u011b","description":"M\u00e1te zahradu a l\u00edb\u00ed se V\u00e1m, kdy\u017e na n\u00ed m\u016f\u017eete relaxovat a na chv\u00edli zapomenout na strasti okoln\u00edho sv\u011bta? Dost \u010dasto se V\u00e1m ale st\u00e1v\u00e1, \u017ee V\u00e1s n\u011bkdo na zahrad\u011b vyru\u0161\u00ed, proto\u017ee sleduje, co tam zrovna d\u011bl\u00e1te? Pokud \u017eijete na n\u011bjak\u00e9m ru\u0161n\u011bj\u0161\u00edm m\u00edst\u011b, m\u016f\u017ee se st\u00e1t, \u017ee zraky kolemjdouc\u00edch zav\u00edtaj\u00ed i na Va\u0161i zahradu. Jestli [&hellip;]","datePublished":"2023-06-02","dateModified":"2023-06-02","author":{"@type":"Person","@id":"https:\/\/www.therap.cz\/author\/#Person","name":"","url":"https:\/\/www.therap.cz\/author\/","identifier":1,"image":{"@type":"ImageObject","@id":"https:\/\/secure.gravatar.com\/avatar\/64d58fab86512053c8bb518a6563e7284bb4a3422dc9af0106c3f39575364c7b?s=96&d=mm&r=g","url":"https:\/\/secure.gravatar.com\/avatar\/64d58fab86512053c8bb518a6563e7284bb4a3422dc9af0106c3f39575364c7b?s=96&d=mm&r=g","height":96,"width":96}},"publisher":{"@type":"Organization","name":"therap.cz","logo":{"@type":"ImageObject","@id":"\/logo.png","url":"\/logo.png","width":600,"height":60}},"url":"https:\/\/www.therap.cz\/uzivejte-si-klid-na-svoji-zahrade\/","about":["Zbo\u017e\u00ed"],"wordCount":374,"articleBody":"M\u00e1te zahradu a l\u00edb\u00ed se V\u00e1m, kdy\u017e na n\u00ed m\u016f\u017eete relaxovat a na chv\u00edli zapomenout na strasti okoln\u00edho sv\u011bta? Dost \u010dasto se V\u00e1m ale st\u00e1v\u00e1, \u017ee V\u00e1s n\u011bkdo na zahrad\u011b vyru\u0161\u00ed, proto\u017ee sleduje, co tam zrovna d\u011bl\u00e1te? Pokud \u017eijete na n\u011bjak\u00e9m ru\u0161n\u011bj\u0161\u00edm m\u00edst\u011b, m\u016f\u017ee se st\u00e1t, \u017ee zraky kolemjdouc\u00edch zav\u00edtaj\u00ed i na Va\u0161i zahradu. Jestli tedy d\u00e1v\u00e1te p\u0159ednost v\u011bt\u0161\u00edmu klidu, m\u011bli byste si vybrat takov\u00e9 ohrazen\u00ed, kter\u00e9 zv\u011bdav\u00e9 zraky na Va\u0161i zahradu v\u016fbec nepust\u00ed. Jestli tedy po takov\u00e9m ohrazen\u00ed tou\u017e\u00edte, mohla by se V\u00e1m zal\u00edbit betonov\u00e9 ploty v\u00fdprodej. M\u016f\u017eete si tak po\u0159\u00eddit velice kvalitn\u00ed, kr\u00e1sn\u00e9 a odoln\u00e9 ohrazen\u00ed za ceny, kter\u00e9 V\u00e1s zaru\u010den\u011b pot\u011b\u0161\u00ed a p\u0159ekvap\u00ed. V\u011b\u0159te tedy tomu, \u017ee kdy\u017e se rozhodnete pro po\u0159\u00edzen\u00ed takov\u00e9ho plotu, v\u00fdsledek V\u00e1s ohrom\u00ed. Jde to i jednodu\u0161eji A jak\u00e9 jsou v\u00fdhody takov\u00e9ho ohrazen\u00ed? V\u017edy m\u00e1te na zahrad\u011b tolik klidu, kolik byste jenom mohli pot\u0159ebovat. Z\u00e1rove\u0148 si m\u016f\u017eete b\u00fdt jist\u00ed t\u00edm, \u017ee takov\u00fd plot vytvo\u0159\u00ed na Va\u0161\u00ed zahrad\u011b p\u0159\u00edjemn\u00e9 prost\u0159ed\u00ed, proto\u017ee opravdu skv\u011ble a zaj\u00edmav\u011b vypad\u00e1, t\u00edm si m\u016f\u017eete b\u00fdt naprosto jist\u00ed. Dal\u0161\u00ed v\u011bc\u00ed je to, \u017ee po\u0159izovac\u00ed cena takov\u00e9ho ohrazen\u00ed je opravdu velice p\u0159\u00edjemn\u00e1, tak\u017ee nemus\u00edte m\u00edt obavy z toho, \u017ee budete muset utratit ve\u0161ker\u00e9 svoje \u00faspory. V\u00fdhod je tedy plno, a je jen a pouze na V\u00e1s, co si vlastn\u011b vyberete. Mo\u017enost\u00ed m\u00e1te nespo\u010det, pokud ale budete vyb\u00edrat pe\u010dliv\u011b, zajist\u00e9 objev\u00edte to prav\u00e9. V\u00fd\u0161e zmi\u0148ovan\u00e9 ohrazen\u00ed V\u00e1m m\u016f\u017ee nab\u00eddnout klid, soukrom\u00ed a chv\u00edle jenom pro sebe za ka\u017ed\u00fdch podm\u00ednek. Z\u00e1rove\u0148 bude skv\u011ble odol\u00e1vat vn\u011bj\u0161\u00edm vliv\u016fm, tak\u017ee si s ni\u010d\u00edm nebudete muset d\u011blat t\u011b\u017ekou hlavu, proto\u017ee si sv\u016fj atraktivn\u00ed vzhled zachov\u00e1 po dlouh\u00e9 roky, t\u00edm si bu\u010fte jist\u00ed.                                                                                                                                                                                                                                                                                                                                                                                        3.9\/5 - (8 votes)        "},{"@context":"https:\/\/schema.org\/","@type":"BreadcrumbList","itemListElement":[{"@type":"ListItem","position":1,"name":"U\u017e\u00edvejte si klid na svoj\u00ed zahrad\u011b","item":"https:\/\/www.therap.cz\/uzivejte-si-klid-na-svoji-zahrade\/#breadcrumbitem"}]}]