[{"@context":"https:\/\/schema.org\/","@type":"Article","@id":"https:\/\/www.therap.cz\/vecer-pre-dvoch\/#Article","mainEntityOfPage":"https:\/\/www.therap.cz\/vecer-pre-dvoch\/","headline":"Ve\u010der pre dvoch","name":"Ve\u010der pre dvoch","description":"V\u010dera sme si urobili s man\u017eelom po dlhej dobe pr\u00edjemn\u00fd ve\u010der. Bohu\u017eia\u013e na seba m\u00e1me v poslednej dobe m\u00e1lo \u010dasu, tak si mus\u00edme aspo\u0148 niekedy ukradn\u00fa\u0165 pr\u00edjemn\u00fa chv\u00ed\u013eku. Deti sme dali na staros\u0165 babi\u010dke a ja som uvarila nie\u010do dobr\u00e9 na ve\u010deru. Pekne sme si pripravili romantick\u00fa atmosf\u00e9ru pri svie\u010dkach a otvorili si f\u013ea\u0161u v\u00edna. [&hellip;]","datePublished":"2024-10-28","dateModified":"2024-10-28","author":{"@type":"Person","@id":"https:\/\/www.therap.cz\/author\/#Person","name":"","url":"https:\/\/www.therap.cz\/author\/","identifier":1,"image":{"@type":"ImageObject","@id":"https:\/\/secure.gravatar.com\/avatar\/64d58fab86512053c8bb518a6563e7284bb4a3422dc9af0106c3f39575364c7b?s=96&d=mm&r=g","url":"https:\/\/secure.gravatar.com\/avatar\/64d58fab86512053c8bb518a6563e7284bb4a3422dc9af0106c3f39575364c7b?s=96&d=mm&r=g","height":96,"width":96}},"publisher":{"@type":"Organization","name":"therap.cz","logo":{"@type":"ImageObject","@id":"\/logo.png","url":"\/logo.png","width":600,"height":60}},"url":"https:\/\/www.therap.cz\/vecer-pre-dvoch\/","wordCount":273,"articleBody":"\tV\u010dera sme si urobili s man\u017eelom po dlhej dobe pr\u00edjemn\u00fd ve\u010der. Bohu\u017eia\u013e na seba m\u00e1me v poslednej dobe m\u00e1lo \u010dasu, tak si mus\u00edme aspo\u0148 niekedy ukradn\u00fa\u0165 pr\u00edjemn\u00fa chv\u00ed\u013eku. Deti sme dali na staros\u0165 babi\u010dke a ja som uvarila nie\u010do dobr\u00e9 na ve\u010deru. Pekne sme si pripravili romantick\u00fa atmosf\u00e9ru pri svie\u010dkach a otvorili si f\u013ea\u0161u v\u00edna.\tZ\u00e1bava pri poh\u00e1rikuOtvorili sme si album star\u00fdch fotiek, aby sme si pozreli sn\u00edmky, ako sme boli mal\u00ed a pekn\u00ed. M\u00f4j mu\u017e bol naozaj bacu\u013eat\u00e9 b\u00e1b\u00e4tko, ale ve\u013emi mu to pristalo. Nesk\u00f4r za\u010dal chodi\u0165 do skauta, kde podnikali st\u00e1le nejak\u00e9 akcie. Ve\u010dne jazdili niekam na v\u00fdlety alebo objavovali tajomstvo svojho bydliska. Ka\u017ed\u00e9 leto jazdili na t\u00e1bor. Na jeden si obzvl\u00e1\u0161\u0165 dobre spom\u00edna. Bola to \u0161kola v pr\u00edrode, na ktor\u00fa sa te\u0161il nieko\u013eko mesiacov. Nemusel si sebou bra\u0165 ani stan, preto\u017ee ubytovanie mali v chatk\u00e1ch po \u0161tyroch, tak\u017ee sa nemuseli ni\u010doho b\u00e1\u0165. Najbli\u017e\u0161ie bol tenisov\u00fd kurt a tie\u017e ihrisko, kde si mohli zahra\u0165 futbal. Ale najv\u00e4\u010d\u0161ou atrakciou bol baz\u00e9n. V\u010faka bohu si nezabudol vzia\u0165 ani plavky, tak\u017ee si mohol zapl\u00e1va\u0165. Ich ved\u00faci mal sebou dokonca dve pekn\u00e9 nafukovacie kresl\u00e1. Ob\u010das sa na jednom prech\u00e1dzal aj po hladine. Fotiek m\u00e1 s\u00edce len p\u00e1r, ale ve\u013emi sme sa pobavili nad jeho denn\u00edkom, ktor\u00fd si vtedy p\u00edsal. Mus\u00edme si to niekedy zase zopakova\u0165.                                                                                                                                                                                                                                                                                                                                                                                        4\/5 - (5 votes)        "},{"@context":"https:\/\/schema.org\/","@type":"BreadcrumbList","itemListElement":[{"@type":"ListItem","position":1,"name":"Ve\u010der pre dvoch","item":"https:\/\/www.therap.cz\/vecer-pre-dvoch\/#breadcrumbitem"}]}]